{"id":465,"date":"2023-02-09T17:29:48","date_gmt":"2023-02-09T16:29:48","guid":{"rendered":"https:\/\/alpakahof-oyten.de\/index.html\/?p=465"},"modified":"2023-02-12T21:22:10","modified_gmt":"2023-02-12T20:22:10","slug":"auch-im-winter","status":"publish","type":"post","link":"http:\/\/alpakahof-oyten.de\/index.html\/auch-im-winter\/","title":{"rendered":"Auch im Winter&#8230;&#8230;"},"content":{"rendered":"\n<p>Auch wenn es gerade kalt oder st\u00fcrmisch ist, wir sind f\u00fcr Euch da. Wenn Ihr unseren Hof besuchen wollt, kontaktiert uns einfach. Wir sind 12 Monate im Jahr f\u00fcr unsere Alpakas da.<\/p>\n","protected":false},"excerpt":{"rendered":"<p>Auch wenn es gerade kalt oder st\u00fcrmisch ist, wir sind f\u00fcr Euch da. Wenn Ihr unseren Hof besuchen wollt, kontaktiert uns einfach. Wir sind 12 Monate im Jahr f\u00fcr unsere Alpakas da.<\/p>\n","protected":false},"author":1,"featured_media":475,"comment_status":"closed","ping_status":"closed","sticky":false,"template":"","format":"standard","meta":{"footnotes":""},"categories":[1],"tags":[],"class_list":["post-465","post","type-post","status-publish","format-standard","has-post-thumbnail","hentry","category-allgemein"],"_links":{"self":[{"href":"http:\/\/alpakahof-oyten.de\/index.html\/wp-json\/wp\/v2\/posts\/465","targetHints":{"allow":["GET"]}}],"collection":[{"href":"http:\/\/alpakahof-oyten.de\/index.html\/wp-json\/wp\/v2\/posts"}],"about":[{"href":"http:\/\/alpakahof-oyten.de\/index.html\/wp-json\/wp\/v2\/types\/post"}],"author":[{"embeddable":true,"href":"http:\/\/alpakahof-oyten.de\/index.html\/wp-json\/wp\/v2\/users\/1"}],"replies":[{"embeddable":true,"href":"http:\/\/alpakahof-oyten.de\/index.html\/wp-json\/wp\/v2\/comments?post=465"}],"version-history":[{"count":2,"href":"http:\/\/alpakahof-oyten.de\/index.html\/wp-json\/wp\/v2\/posts\/465\/revisions"}],"predecessor-version":[{"id":483,"href":"http:\/\/alpakahof-oyten.de\/index.html\/wp-json\/wp\/v2\/posts\/465\/revisions\/483"}],"wp:featuredmedia":[{"embeddable":true,"href":"http:\/\/alpakahof-oyten.de\/index.html\/wp-json\/wp\/v2\/media\/475"}],"wp:attachment":[{"href":"http:\/\/alpakahof-oyten.de\/index.html\/wp-json\/wp\/v2\/media?parent=465"}],"wp:term":[{"taxonomy":"category","embeddable":true,"href":"http:\/\/alpakahof-oyten.de\/index.html\/wp-json\/wp\/v2\/categories?post=465"},{"taxonomy":"post_tag","embeddable":true,"href":"http:\/\/alpakahof-oyten.de\/index.html\/wp-json\/wp\/v2\/tags?post=465"}],"curies":[{"name":"wp","href":"https:\/\/api.w.org\/{rel}","templated":true}]}}